{"id":12919,"date":"2024-04-10T16:37:00","date_gmt":"2024-04-10T19:37:00","guid":{"rendered":"https:\/\/www.crr.com.br\/blog\/?p=12919"},"modified":"2024-04-10T22:59:04","modified_gmt":"2024-04-11T01:59:04","slug":"guia-do-carrinho-de-carga-de-2-rodas-elevando-a-produtividade-e-a-seguranca","status":"publish","type":"post","link":"https:\/\/www.crr.com.br\/blog\/guia-do-carrinho-de-carga-de-2-rodas-elevando-a-produtividade-e-a-seguranca\/","title":{"rendered":"Carrinho de carga de 2 rodas: produtividade e a seguran\u00e7a"},"content":{"rendered":"<span class=\"span-reading-time rt-reading-time\" style=\"display: block;\"><span class=\"rt-label rt-prefix\">Tempo de leitura:<\/span> <span class=\"rt-time\"> 5<\/span> <span class=\"rt-label rt-postfix\">minutos<\/span><\/span>\n<p class=\"has-medium-font-size\"><strong><em>Descubra o guia definitivo para otimizar o uso do carrinho de carga de 2 rodas, elevando a efici\u00eancia e seguran\u00e7a no transporte de cargas.\u00a0<\/em><\/strong><\/p>\n\n\n\n<p>O carrinho de carga de duas rodas \u00e9 uma ferramenta insubstitu\u00edvel para o transporte eficiente de cargas em diversos ambientes, como armaz\u00e9ns, lojas e canteiros de obras.&nbsp;<\/p>\n\n\n\n<p>Com a aplica\u00e7\u00e3o correta, esses carrinhos n\u00e3o apenas facilitam a movimenta\u00e7\u00e3o de itens pesados, mas tamb\u00e9m promovem um ambiente de trabalho mais seguro e produtivo.<\/p>\n\n\n\n<ul class=\"wp-block-list\">\n<li><a href=\"https:\/\/www.crr.com.br\/blog\/onde-encontrar-o-melhor-fabricante-de-rodizios-para-carrinho-de-supermercado\/\">Onde encontrar o melhor fabricante de rod\u00edzios para carrinho de supermercado?<\/a><\/li>\n<\/ul>\n\n\n\n<div id=\"ez-toc-container\" class=\"ez-toc-v2_0_81 counter-hierarchy ez-toc-counter ez-toc-grey ez-toc-container-direction\">\n<div class=\"ez-toc-title-container\">\n<p class=\"ez-toc-title\" style=\"cursor:inherit\">Sum\u00e1rio<\/p>\n<span class=\"ez-toc-title-toggle\"><a href=\"#\" class=\"ez-toc-pull-right ez-toc-btn ez-toc-btn-xs ez-toc-btn-default ez-toc-toggle\" aria-label=\"Alternar tabela de conte\u00fado\"><span class=\"ez-toc-js-icon-con\"><span class=\"\"><span class=\"eztoc-hide\" style=\"display:none;\">Toggle<\/span><span class=\"ez-toc-icon-toggle-span\"><svg style=\"fill: #999;color:#999\" xmlns=\"http:\/\/www.w3.org\/2000\/svg\" class=\"list-377408\" width=\"20px\" height=\"20px\" viewBox=\"0 0 24 24\" fill=\"none\"><path d=\"M6 6H4v2h2V6zm14 0H8v2h12V6zM4 11h2v2H4v-2zm16 0H8v2h12v-2zM4 16h2v2H4v-2zm16 0H8v2h12v-2z\" fill=\"currentColor\"><\/path><\/svg><svg style=\"fill: #999;color:#999\" class=\"arrow-unsorted-368013\" xmlns=\"http:\/\/www.w3.org\/2000\/svg\" width=\"10px\" height=\"10px\" viewBox=\"0 0 24 24\" version=\"1.2\" baseProfile=\"tiny\"><path d=\"M18.2 9.3l-6.2-6.3-6.2 6.3c-.2.2-.3.4-.3.7s.1.5.3.7c.2.2.4.3.7.3h11c.3 0 .5-.1.7-.3.2-.2.3-.5.3-.7s-.1-.5-.3-.7zM5.8 14.7l6.2 6.3 6.2-6.3c.2-.2.3-.5.3-.7s-.1-.5-.3-.7c-.2-.2-.4-.3-.7-.3h-11c-.3 0-.5.1-.7.3-.2.2-.3.5-.3.7s.1.5.3.7z\"\/><\/svg><\/span><\/span><\/span><\/a><\/span><\/div>\n<nav><ul class='ez-toc-list ez-toc-list-level-1 ' ><li class='ez-toc-page-1 ez-toc-heading-level-2'><a class=\"ez-toc-link ez-toc-heading-1\" href=\"https:\/\/www.crr.com.br\/blog\/guia-do-carrinho-de-carga-de-2-rodas-elevando-a-produtividade-e-a-seguranca\/#Beneficios_do_carrinho_de_carga_de_2_rodas\" >Benef\u00edcios do carrinho de carga de 2 rodas<\/a><\/li><li class='ez-toc-page-1 ez-toc-heading-level-2'><a class=\"ez-toc-link ez-toc-heading-2\" href=\"https:\/\/www.crr.com.br\/blog\/guia-do-carrinho-de-carga-de-2-rodas-elevando-a-produtividade-e-a-seguranca\/#Aplicacoes_do_carrinho_de_carga_2_rodas\" >Aplica\u00e7\u00f5es do carrinho de carga 2 rodas<\/a><ul class='ez-toc-list-level-3' ><li class='ez-toc-heading-level-3'><a class=\"ez-toc-link ez-toc-heading-3\" href=\"https:\/\/www.crr.com.br\/blog\/guia-do-carrinho-de-carga-de-2-rodas-elevando-a-produtividade-e-a-seguranca\/#Armazens_depositos_e_estoques_para_movimentacao_de_mercadorias\" >Armaz\u00e9ns, dep\u00f3sitos e estoques para movimenta\u00e7\u00e3o de mercadorias<\/a><\/li><li class='ez-toc-page-1 ez-toc-heading-level-3'><a class=\"ez-toc-link ez-toc-heading-4\" href=\"https:\/\/www.crr.com.br\/blog\/guia-do-carrinho-de-carga-de-2-rodas-elevando-a-produtividade-e-a-seguranca\/#Industrias_construcao_civil_e_logistica_para_transporte_de_materiais\" >Ind\u00fastrias, constru\u00e7\u00e3o civil e log\u00edstica para transporte de materiais<\/a><\/li><li class='ez-toc-page-1 ez-toc-heading-level-3'><a class=\"ez-toc-link ez-toc-heading-5\" href=\"https:\/\/www.crr.com.br\/blog\/guia-do-carrinho-de-carga-de-2-rodas-elevando-a-produtividade-e-a-seguranca\/#Supermercados_feiras_e_eventos_para_carregar_produtos\" >Supermercados, feiras e eventos para carregar produtos<\/a><\/li><li class='ez-toc-page-1 ez-toc-heading-level-3'><a class=\"ez-toc-link ez-toc-heading-6\" href=\"https:\/\/www.crr.com.br\/blog\/guia-do-carrinho-de-carga-de-2-rodas-elevando-a-produtividade-e-a-seguranca\/#Aeroportos_portos_e_terminais_de_carga\" >Aeroportos, portos e terminais de carga<\/a><\/li><\/ul><\/li><li class='ez-toc-page-1 ez-toc-heading-level-2'><a class=\"ez-toc-link ez-toc-heading-7\" href=\"https:\/\/www.crr.com.br\/blog\/guia-do-carrinho-de-carga-de-2-rodas-elevando-a-produtividade-e-a-seguranca\/#CRR_referencia_em_ferramentas_para_logistica\" >CRR: refer\u00eancia em ferramentas para log\u00edstica<\/a><\/li><\/ul><\/nav><\/div>\n<h2 class=\"wp-block-heading\"><span class=\"ez-toc-section\" id=\"Beneficios_do_carrinho_de_carga_de_2_rodas\"><\/span>Benef\u00edcios do carrinho de carga de 2 rodas<span class=\"ez-toc-section-end\"><\/span><\/h2>\n\n\n\n<p>O carrinho de carga de 2 rodas oferece diversas vantagens em compara\u00e7\u00e3o com outros equipamentos de movimenta\u00e7\u00e3o de cargas.&nbsp;<\/p>\n\n\n\n<p>Sua principal vantagem \u00e9 a facilidade de manobra em espa\u00e7os apertados devido ao seu design compacto e leve, tornando-o ideal para locais com restri\u00e7\u00f5es de espa\u00e7o.<\/p>\n\n\n<div class=\"wp-block-image\">\n<figure class=\"alignright size-full is-resized\"><img loading=\"lazy\" decoding=\"async\" width=\"400\" height=\"400\" src=\"https:\/\/www.crr.com.br\/blog\/wp-content\/uploads\/2024\/04\/carrinho-plataforma-2-rodas.jpg\" alt=\"Guia do carrinho de carga de 2 rodas: elevando a produtividade e a seguran\u00e7a\" class=\"wp-image-12920\" style=\"aspect-ratio:1;width:337px;height:auto\"\/><\/figure><\/div>\n\n\n<p>Al\u00e9m disso, sua portabilidade facilita o transporte e armazenamento quando n\u00e3o est\u00e1 em uso.&nbsp;<\/p>\n\n\n\n<p>Em termos de custo, o carrinho de carga de 2 rodas \u00e9 uma op\u00e7\u00e3o econ\u00f4mica em compara\u00e7\u00e3o com equipamentos mais sofisticados, sendo uma escolha acess\u00edvel para empresas e indiv\u00edduos que precisam movimentar cargas leves a moderadas.&nbsp;<\/p>\n\n\n\n<p>A distribui\u00e7\u00e3o uniforme da carga sobre as rodas ajuda a prevenir danos ao piso e reduz o esfor\u00e7o necess\u00e1rio para movimentar a carga.&nbsp;<\/p>\n\n\n\n<p>As rodas dur\u00e1veis feitas de materiais como borracha ou poliuretano garantem resist\u00eancia ao desgaste e \u00e0 abras\u00e3o.&nbsp;<\/p>\n\n\n\n<p>Al\u00e9m disso, a capacidade de personaliza\u00e7\u00e3o do carrinho, com diferentes tipos de rodas e acess\u00f3rios adicionais, permite adapt\u00e1-lo \u00e0s necessidades espec\u00edficas de diferentes aplica\u00e7\u00f5es, tornando-o uma escolha vers\u00e1til e pr\u00e1tica para o transporte de cargas.<\/p>\n\n\n\n<p>Al\u00e9m das vantagens j\u00e1 conhecidas, os carrinhos de carga de 2 rodas proporcionam:<\/p>\n\n\n\n<ul class=\"wp-block-list\">\n<li><strong>Mobilidade:<\/strong> com designs ergon\u00f4micos, permitem a movimenta\u00e7\u00e3o \u00e1gil em espa\u00e7os estreitos;<br><\/li>\n\n\n\n<li><strong>Sustentabilidade:<\/strong> o uso eficiente desses carrinhos pode contribuir para a redu\u00e7\u00e3o da pegada de carbono, substituindo ve\u00edculos motorizados para o transporte de cargas em curtas dist\u00e2ncias.<\/li>\n<\/ul>\n\n\n\n<ul class=\"wp-block-list\">\n<li><a href=\"https:\/\/www.crr.com.br\/blog\/quais-os-beneficios-de-trocar-o-rolamento-axial\/\">Quais os benef\u00edcios de trocar o rolamento axial?<\/a><\/li>\n<\/ul>\n\n\n\n<h2 class=\"wp-block-heading\"><span class=\"ez-toc-section\" id=\"Aplicacoes_do_carrinho_de_carga_2_rodas\"><\/span>Aplica\u00e7\u00f5es do carrinho de carga 2 rodas<span class=\"ez-toc-section-end\"><\/span><\/h2>\n\n\n\n<h3 class=\"wp-block-heading\"><span class=\"ez-toc-section\" id=\"Armazens_depositos_e_estoques_para_movimentacao_de_mercadorias\"><\/span>Armaz\u00e9ns, dep\u00f3sitos e estoques para movimenta\u00e7\u00e3o de mercadorias<span class=\"ez-toc-section-end\"><\/span><\/h3>\n\n\n\n<p>Aplica\u00e7\u00f5es de m\u00e1quinas de manuseio de materiais em armaz\u00e9ns, dep\u00f3sitos e estoques incluem movimenta\u00e7\u00e3o de paletes, transfer\u00eancia de cargas, empilhamento e desempilhamento de produtos.&nbsp;<\/p>\n\n\n\n<p>Essas m\u00e1quinas s\u00e3o fundamentais para melhorar a efici\u00eancia, reduzir os custos de m\u00e3o-de-obra e minimizar os riscos de les\u00f5es relacionadas ao trabalho.&nbsp;<\/p>\n\n\n\n<p>Al\u00e9m disso, elas podem trabalhar continuamente por longos per\u00edodos, aumentando a produtividade e otimizando o espa\u00e7o de armazenamento.<\/p>\n\n\n\n<ul class=\"wp-block-list\">\n<li><a href=\"https:\/\/www.crr.com.br\/blog\/rodizio-em-gel-para-carrinho-conheca-as-vantagens-desse-produto\/\">Rod\u00edzio em gel para carrinho: conhe\u00e7a as vantagens desse produto<\/a><\/li>\n<\/ul>\n\n\n\n<h3 class=\"wp-block-heading\"><span class=\"ez-toc-section\" id=\"Industrias_construcao_civil_e_logistica_para_transporte_de_materiais\"><\/span>Ind\u00fastrias, constru\u00e7\u00e3o civil e log\u00edstica para transporte de materiais<span class=\"ez-toc-section-end\"><\/span><\/h3>\n\n\n\n<p>M\u00e1quinas de manuseio de materiais s\u00e3o amplamente utilizadas em diversos setores industriais, como a constru\u00e7\u00e3o civil, minera\u00e7\u00e3o e metalurgia.&nbsp;<\/p>\n\n\n\n<p>Elas s\u00e3o fundamentais para o transporte de materiais pesados e volumosos, como blocos de concreto, barras de a\u00e7o, min\u00e9rios e outros materiais de constru\u00e7\u00e3o.&nbsp;<\/p>\n\n\n\n<p>Al\u00e9m disso, elas s\u00e3o essenciais para a log\u00edstica e o transporte de mercadorias em longas dist\u00e2ncias, garantindo a seguran\u00e7a e a efici\u00eancia nas opera\u00e7\u00f5es.<\/p>\n\n\n\n<ul class=\"wp-block-list\">\n<li><a href=\"https:\/\/www.crr.com.br\/blog\/rodas-de-pvc-conheca-os-modelos-da-crr\/\">Rodas de PVC: conhe\u00e7a os modelos da CRR<\/a><\/li>\n<\/ul>\n\n\n\n<h3 class=\"wp-block-heading\"><span class=\"ez-toc-section\" id=\"Supermercados_feiras_e_eventos_para_carregar_produtos\"><\/span>Supermercados, feiras e eventos para carregar produtos<span class=\"ez-toc-section-end\"><\/span><\/h3>\n\n\n\n<p>No setor de varejo e eventos, m\u00e1quinas de manuseio de materiais s\u00e3o utilizadas para carregar e descarregar produtos, como alimentos, bebidas, equipamentos e materiais de exposi\u00e7\u00e3o.<\/p>\n\n\n\n<p>Elas s\u00e3o fundamentais para garantir a rapidez e a efici\u00eancia nas opera\u00e7\u00f5es, reduzindo o tempo de entrega e garantindo a satisfa\u00e7\u00e3o do cliente.&nbsp;<\/p>\n\n\n\n<p>Al\u00e9m disso, elas podem ser usadas para transportar produtos de um local para outro dentro do local do evento, facilitando a log\u00edstica e a organiza\u00e7\u00e3o do espa\u00e7o.<\/p>\n\n\n\n<ul class=\"wp-block-list\">\n<li><a href=\"https:\/\/www.crr.com.br\/blog\/como-um-carrinho-plataforma-pode-melhorar-a-logistica-da-sua-empresa\/\">Como um carrinho plataforma pode melhorar a log\u00edstica da sua empresa?<\/a><\/li>\n<\/ul>\n\n\n\n<h3 class=\"wp-block-heading\"><span class=\"ez-toc-section\" id=\"Aeroportos_portos_e_terminais_de_carga\"><\/span>Aeroportos, portos e terminais de carga<span class=\"ez-toc-section-end\"><\/span><\/h3>\n\n\n\n<p>No transporte de carga a\u00e9rea e mar\u00edtima, m\u00e1quinas de manuseio de materiais s\u00e3o fundamentais para o carregamento e descarregamento de cont\u00eaineres, paletes e outros tipos de carga.&nbsp;<\/p>\n\n\n\n<p>Elas s\u00e3o essenciais para garantir a efici\u00eancia e a rapidez nas opera\u00e7\u00f5es, reduzindo o tempo de perman\u00eancia da carga nos portos e aeroportos e garantindo a seguran\u00e7a e a integridade dos produtos transportados.&nbsp;<\/p>\n\n\n\n<p>Al\u00e9m disso, elas podem ser usadas para movimentar cargas dentro dos portos e aeroportos, facilitando a log\u00edstica e a organiza\u00e7\u00e3o do espa\u00e7o.<\/p>\n\n\n\n<ul class=\"wp-block-list\">\n<li><a href=\"https:\/\/www.crr.com.br\/blog\/rodas-para-transpaleteiras-saiba-como-identificar-problemas-nesse-componente\/\">Rodas para transpaleteiras: saiba como identificar problemas nesse componente<\/a><\/li>\n<\/ul>\n\n\n\n<h2 class=\"wp-block-heading\"><span class=\"ez-toc-section\" id=\"CRR_referencia_em_ferramentas_para_logistica\"><\/span>CRR: refer\u00eancia em ferramentas para log\u00edstica<span class=\"ez-toc-section-end\"><\/span><\/h2>\n\n\n\n<p>Em linhas gerais, a utiliza\u00e7\u00e3o estrat\u00e9gica e informada dos carrinhos de carga de 2 rodas \u00e9 fundamental para potencializar a efici\u00eancia, seguran\u00e7a e produtividade em qualquer opera\u00e7\u00e3o.&nbsp;<\/p>\n\n\n\n<p>Por isso, a ado\u00e7\u00e3o de carrinhos de carga de 2 rodas \u00e9 ideal para voc\u00ea, que precisa de praticidade com seguran\u00e7a.&nbsp;<\/p>\n\n\n\n<p>E a <a href=\"https:\/\/www.crr.com.br\/\">CRR <\/a>est\u00e1 aqui para lhe proporcionar o melhor em carrinhos e rod\u00edzios!<\/p>\n\n\n\n<p>Com mais de tr\u00eas d\u00e9cadas de atua\u00e7\u00e3o, a <a href=\"https:\/\/www.crr.com.br\/\">CRR<\/a> destaca-se em todo o Brasil pela excel\u00eancia dos seus carrinhos e rod\u00edzios, entregando uma viv\u00eancia inigual\u00e1vel aos seus consumidores.<\/p>\n\n\n\n<p>No intuito de atender \u00e0s exig\u00eancias do mercado, disponibilizamos um portf\u00f3lio abrangente e de alta qualidade, respondendo eficazmente \u00e0s necessidades predominantes do setor.<\/p>\n\n\n\n<p><a href=\"https:\/\/www.crr.com.br\/fale-conosco\">Solicite o seu or\u00e7amento<\/a> com um de nossos consultores!<\/p>\n","protected":false},"excerpt":{"rendered":"<p><span class=\"span-reading-time rt-reading-time\" style=\"display: block;\"><span class=\"rt-label rt-prefix\">Tempo de leitura:<\/span> <span class=\"rt-time\"> 5<\/span> <span class=\"rt-label rt-postfix\">minutos<\/span><\/span>Descubra o guia definitivo para otimizar o uso do carrinho de carga de 2 rodas, elevando a efici\u00eancia e seguran\u00e7a no transporte de cargas.\u00a0 O carrinho de carga de duas rodas \u00e9 uma ferramenta insubstitu\u00edvel para o transporte eficiente de cargas em diversos ambientes, como armaz\u00e9ns, lojas e canteiros de obras.&nbsp; Com a aplica\u00e7\u00e3o correta, &hellip; <\/p>\n","protected":false},"author":1,"featured_media":12921,"comment_status":"open","ping_status":"open","sticky":false,"template":"","format":"standard","meta":{"footnotes":""},"categories":[510],"tags":[7021,7053,7037,7086,7102,7069,7118,7026,7058,7042,7091,7107,7074,7123,7034,7066,7050,7099,7115,7082,7131,7033,7065,7049,7098,7114,7081,7130,7020,7052,7036,7084,7101,7068,7117,7027,7059,7043,7092,7108,7075,7124,7025,7057,7041,7090,7106,7073,7122,7031,7063,7047,7096,7112,7079,7128,7029,7061,7045,7094,7110,7077,7126,7032,7064,7048,7097,7113,7080,7129,7028,7060,7044,7093,7109,7076,7125,7023,7055,7039,7088,7104,7071,7120,7030,7062,7046,7095,7111,7078,7127,7024,7056,7040,7089,7105,7072,7121,5667,5714,5697,7085,5804,5789,6709,7019,7051,7035,7083,7100,7067,7116,6957,6962,6970,6969,6956,6963,6961,6967,6965,6968,6964,6959,6966,6960,5516,6955,6958,6973,6978,6986,6985,6972,6979,6977,6983,6981,6984,6980,6975,6982,6976,5546,6971,6974,6989,6994,7002,7001,6988,6995,6993,6999,6997,7000,6996,6991,6998,6992,5561,6987,6990,7005,7010,7018,7017,7004,7011,7009,7015,7013,7016,7012,7007,7014,7008,5576,7003,7006,6942,6946,6954,6953,6941,6947,6945,6951,6949,6952,6948,6944,6950,5501,6940,6943,7022,7054,7038,7087,7103,7070,7119],"class_list":["post-12919","post","type-post","status-publish","format-standard","has-post-thumbnail","hentry","category-carrinhos-de-carga","tag-carrinho-armazem-em-sp","tag-carrinho-armazem-na-zona-leste","tag-carrinho-armazem-na-zona-norte","tag-carrinho-armazem-no-belem","tag-carrinho-armazem-no-belenzinho","tag-carrinho-armazem-no-bras","tag-carrinho-armazem-no-tatuape","tag-carrinho-com-rodizios-em-sp","tag-carrinho-com-rodizios-na-zona-leste","tag-carrinho-com-rodizios-na-zona-norte","tag-carrinho-com-rodizios-no-belem","tag-carrinho-com-rodizios-no-belenzinho","tag-carrinho-com-rodizios-no-bras","tag-carrinho-com-rodizios-no-tatuape","tag-carrinho-de-carga-com-pneus-em-sp","tag-carrinho-de-carga-com-pneus-na-zona-leste","tag-carrinho-de-carga-com-pneus-na-zona-norte","tag-carrinho-de-carga-com-pneus-no-belem","tag-carrinho-de-carga-com-pneus-no-belenzinho","tag-carrinho-de-carga-com-pneus-no-bras","tag-carrinho-de-carga-com-pneus-no-tatuape","tag-carrinho-de-carga-compacto-em-sp","tag-carrinho-de-carga-compacto-na-zona-leste","tag-carrinho-de-carga-compacto-na-zona-norte","tag-carrinho-de-carga-compacto-no-belem","tag-carrinho-de-carga-compacto-no-belenzinho","tag-carrinho-de-carga-compacto-no-bras","tag-carrinho-de-carga-compacto-no-tatuape","tag-carrinho-de-carga-de-2-rodas-em-sp","tag-carrinho-de-carga-de-2-rodas-na-zona-leste","tag-carrinho-de-carga-de-2-rodas-na-zona-norte","tag-carrinho-de-carga-de-2-rodas-no-belem","tag-carrinho-de-carga-de-2-rodas-no-belenzinho","tag-carrinho-de-carga-de-2-rodas-no-bras","tag-carrinho-de-carga-de-2-rodas-no-tatuape","tag-carrinho-de-carga-leve-em-sp","tag-carrinho-de-carga-leve-na-zona-leste","tag-carrinho-de-carga-leve-na-zona-norte","tag-carrinho-de-carga-leve-no-belem","tag-carrinho-de-carga-leve-no-belenzinho","tag-carrinho-de-carga-leve-no-bras","tag-carrinho-de-carga-leve-no-tatuape","tag-carrinho-de-carga-pesada-em-sp","tag-carrinho-de-carga-pesada-na-zona-leste","tag-carrinho-de-carga-pesada-na-zona-norte","tag-carrinho-de-carga-pesada-no-belem","tag-carrinho-de-carga-pesada-no-belenzinho","tag-carrinho-de-carga-pesada-no-bras","tag-carrinho-de-carga-pesada-no-tatuape","tag-carrinho-de-carga-reforcado-em-sp","tag-carrinho-de-carga-reforcado-na-zona-leste","tag-carrinho-de-carga-reforcado-na-zona-norte","tag-carrinho-de-carga-reforcado-no-belem","tag-carrinho-de-carga-reforcado-no-belenzinho","tag-carrinho-de-carga-reforcado-no-bras","tag-carrinho-de-carga-reforcado-no-tatuape","tag-carrinho-de-duas-rodas-em-sp","tag-carrinho-de-duas-rodas-na-zona-leste","tag-carrinho-de-duas-rodas-na-zona-norte","tag-carrinho-de-duas-rodas-no-belem","tag-carrinho-de-duas-rodas-no-belenzinho","tag-carrinho-de-duas-rodas-no-bras","tag-carrinho-de-duas-rodas-no-tatuape","tag-carrinho-de-transporte-de-equipamentos-em-sp","tag-carrinho-de-transporte-de-equipamentos-na-zona-leste","tag-carrinho-de-transporte-de-equipamentos-na-zona-norte","tag-carrinho-de-transporte-de-equipamentos-no-belem","tag-carrinho-de-transporte-de-equipamentos-no-belenzinho","tag-carrinho-de-transporte-de-equipamentos-no-bras","tag-carrinho-de-transporte-de-equipamentos-no-tatuape","tag-carrinho-de-transporte-manual-em-sp","tag-carrinho-de-transporte-manual-na-zona-leste","tag-carrinho-de-transporte-manual-na-zona-norte","tag-carrinho-de-transporte-manual-no-belem","tag-carrinho-de-transporte-manual-no-belenzinho","tag-carrinho-de-transporte-manual-no-bras","tag-carrinho-de-transporte-manual-no-tatuape","tag-carrinho-dobravel-em-sp","tag-carrinho-dobravel-na-zona-leste","tag-carrinho-dobravel-na-zona-norte","tag-carrinho-dobravel-no-belem","tag-carrinho-dobravel-no-belenzinho","tag-carrinho-dobravel-no-bras","tag-carrinho-dobravel-no-tatuape","tag-carrinho-para-armazenagem-em-sp","tag-carrinho-para-armazenagem-na-zona-leste","tag-carrinho-para-armazenagem-na-zona-norte","tag-carrinho-para-armazenagem-no-belem","tag-carrinho-para-armazenagem-no-belenzinho","tag-carrinho-para-armazenagem-no-bras","tag-carrinho-para-armazenagem-no-tatuape","tag-carrinho-para-transporte-de-mercadorias-em-sp","tag-carrinho-para-transporte-de-mercadorias-na-zona-leste","tag-carrinho-para-transporte-de-mercadorias-na-zona-norte","tag-carrinho-para-transporte-de-mercadorias-no-belem","tag-carrinho-para-transporte-de-mercadorias-no-belenzinho","tag-carrinho-para-transporte-de-mercadorias-no-bras","tag-carrinho-para-transporte-de-mercadorias-no-tatuape","tag-carrinho-plataforma-em-sp","tag-carrinho-plataforma-na-zona-leste","tag-carrinho-plataforma-na-zona-norte","tag-carrinho-plataforma-no-belem","tag-carrinho-plataforma-no-belenzinho","tag-carrinho-plataforma-no-bras","tag-carrinho-plataforma-no-tatuape","tag-carrinho-transporte-em-sp","tag-carrinho-transporte-na-zona-leste","tag-carrinho-transporte-na-zona-norte","tag-carrinho-transporte-no-belem","tag-carrinho-transporte-no-belenzinho","tag-carrinho-transporte-no-bras","tag-carrinho-transporte-no-tatuape","tag-comprar-carrinho-armazem","tag-comprar-carrinho-com-rodizios","tag-comprar-carrinho-de-carga-com-pneus","tag-comprar-carrinho-de-carga-compacto","tag-comprar-carrinho-de-carga-de-2-rodas","tag-comprar-carrinho-de-carga-leve","tag-comprar-carrinho-de-carga-pesada","tag-comprar-carrinho-de-carga-reforcado","tag-comprar-carrinho-de-duas-rodas","tag-comprar-carrinho-de-transporte-de-equipamentos","tag-comprar-carrinho-de-transporte-manual","tag-comprar-carrinho-dobravel","tag-comprar-carrinho-para-armazenagem","tag-comprar-carrinho-para-transporte-de-mercadorias","tag-comprar-carrinho-plataforma","tag-comprar-carrinho-transporte","tag-comprar-rodas-para-carrinho","tag-fabrica-de-carrinho-armazem","tag-fabrica-de-carrinho-com-rodizios","tag-fabrica-de-carrinho-de-carga-com-pneus","tag-fabrica-de-carrinho-de-carga-compacto","tag-fabrica-de-carrinho-de-carga-de-2-rodas","tag-fabrica-de-carrinho-de-carga-leve","tag-fabrica-de-carrinho-de-carga-pesada","tag-fabrica-de-carrinho-de-carga-reforcado","tag-fabrica-de-carrinho-de-duas-rodas","tag-fabrica-de-carrinho-de-transporte-de-equipamentos","tag-fabrica-de-carrinho-de-transporte-manual","tag-fabrica-de-carrinho-dobravel","tag-fabrica-de-carrinho-para-armazenagem","tag-fabrica-de-carrinho-para-transporte-de-mercadorias","tag-fabrica-de-carrinho-plataforma","tag-fabrica-de-carrinho-transporte","tag-fabrica-de-rodas-para-carrinho","tag-fabricante-de-carrinho-armazem","tag-fabricante-de-carrinho-com-rodizios","tag-fabricante-de-carrinho-de-carga-com-pneus","tag-fabricante-de-carrinho-de-carga-compacto","tag-fabricante-de-carrinho-de-carga-de-2-rodas","tag-fabricante-de-carrinho-de-carga-leve","tag-fabricante-de-carrinho-de-carga-pesada","tag-fabricante-de-carrinho-de-carga-reforcado","tag-fabricante-de-carrinho-de-duas-rodas","tag-fabricante-de-carrinho-de-transporte-de-equipamentos","tag-fabricante-de-carrinho-de-transporte-manual","tag-fabricante-de-carrinho-dobravel","tag-fabricante-de-carrinho-para-armazenagem","tag-fabricante-de-carrinho-para-transporte-de-mercadorias","tag-fabricante-de-carrinho-plataforma","tag-fabricante-de-carrinho-transporte","tag-fabricante-de-rodas-para-carrinho","tag-fornecedor-de-carrinho-armazem","tag-fornecedor-de-carrinho-com-rodizios","tag-fornecedor-de-carrinho-de-carga-com-pneus","tag-fornecedor-de-carrinho-de-carga-compacto","tag-fornecedor-de-carrinho-de-carga-de-2-rodas","tag-fornecedor-de-carrinho-de-carga-leve","tag-fornecedor-de-carrinho-de-carga-pesada","tag-fornecedor-de-carrinho-de-carga-reforcado","tag-fornecedor-de-carrinho-de-duas-rodas","tag-fornecedor-de-carrinho-de-transporte-de-equipamentos","tag-fornecedor-de-carrinho-de-transporte-manual","tag-fornecedor-de-carrinho-dobravel","tag-fornecedor-de-carrinho-para-armazenagem","tag-fornecedor-de-carrinho-para-transporte-de-mercadorias","tag-fornecedor-de-carrinho-plataforma","tag-fornecedor-de-carrinho-transporte","tag-fornecedor-de-rodas-para-carrinho","tag-onde-encontrar-carrinho-armazem","tag-onde-encontrar-carrinho-com-rodizios","tag-onde-encontrar-carrinho-de-carga-com-pneus","tag-onde-encontrar-carrinho-de-carga-compacto","tag-onde-encontrar-carrinho-de-carga-de-2-rodas","tag-onde-encontrar-carrinho-de-carga-leve","tag-onde-encontrar-carrinho-de-carga-pesada","tag-onde-encontrar-carrinho-de-carga-reforcado","tag-onde-encontrar-carrinho-de-duas-rodas","tag-onde-encontrar-carrinho-de-transporte-de-equipamentos","tag-onde-encontrar-carrinho-de-transporte-manual","tag-onde-encontrar-carrinho-dobravel","tag-onde-encontrar-carrinho-para-armazenagem","tag-onde-encontrar-carrinho-plataforma","tag-onde-encontrar-carrinho-transporte","tag-onde-encontrar-rodas-para-carrinho","tag-rodas-para-carrinho-em-sp","tag-rodas-para-carrinho-na-zona-leste","tag-rodas-para-carrinho-na-zona-norte","tag-rodas-para-carrinho-no-belem","tag-rodas-para-carrinho-no-belenzinho","tag-rodas-para-carrinho-no-bras","tag-rodas-para-carrinho-no-tatuape"],"yoast_head":"<!-- This site is optimized with the Yoast SEO plugin v27.1.1 - https:\/\/yoast.com\/product\/yoast-seo-wordpress\/ -->\n<title>Carrinho de carga de 2 rodas: produtividade e a seguran\u00e7a - CRR<\/title>\n<meta name=\"description\" content=\"Descubra o guia definitivo para otimizar o uso do carrinho de carga de 2 rodas, elevando a efici\u00eancia e seguran\u00e7a no transporte de cargas.\" \/>\n<meta name=\"robots\" content=\"index, follow, max-snippet:-1, max-image-preview:large, max-video-preview:-1\" \/>\n<link rel=\"canonical\" href=\"https:\/\/www.crr.com.br\/blog\/guia-do-carrinho-de-carga-de-2-rodas-elevando-a-produtividade-e-a-seguranca\/\" \/>\n<meta property=\"og:locale\" content=\"pt_BR\" \/>\n<meta property=\"og:type\" content=\"article\" \/>\n<meta property=\"og:title\" content=\"Carrinho de carga de 2 rodas: produtividade e a seguran\u00e7a - CRR\" \/>\n<meta property=\"og:description\" content=\"Descubra o guia definitivo para otimizar o uso do carrinho de carga de 2 rodas, elevando a efici\u00eancia e seguran\u00e7a no transporte de cargas.\" \/>\n<meta property=\"og:url\" content=\"https:\/\/www.crr.com.br\/blog\/guia-do-carrinho-de-carga-de-2-rodas-elevando-a-produtividade-e-a-seguranca\/\" \/>\n<meta property=\"og:site_name\" content=\"CRR\" \/>\n<meta property=\"article:published_time\" content=\"2024-04-10T19:37:00+00:00\" \/>\n<meta property=\"article:modified_time\" content=\"2024-04-11T01:59:04+00:00\" \/>\n<meta property=\"og:image\" content=\"https:\/\/www.crr.com.br\/blog\/wp-content\/uploads\/2024\/04\/carro_armaz_2.jpg\" \/>\n\t<meta property=\"og:image:width\" content=\"800\" \/>\n\t<meta property=\"og:image:height\" content=\"800\" \/>\n\t<meta property=\"og:image:type\" content=\"image\/jpeg\" \/>\n<meta name=\"author\" content=\"CRR Rolamentos\" \/>\n<meta name=\"twitter:card\" content=\"summary_large_image\" \/>\n<meta name=\"twitter:label1\" content=\"Escrito por\" \/>\n\t<meta name=\"twitter:data1\" content=\"CRR Rolamentos\" \/>\n\t<meta name=\"twitter:label2\" content=\"Est. tempo de leitura\" \/>\n\t<meta name=\"twitter:data2\" content=\"5 minutos\" \/>\n<script type=\"application\/ld+json\" class=\"yoast-schema-graph\">{\"@context\":\"https:\/\/schema.org\",\"@graph\":[{\"@type\":\"Article\",\"@id\":\"https:\/\/www.crr.com.br\/blog\/guia-do-carrinho-de-carga-de-2-rodas-elevando-a-produtividade-e-a-seguranca\/#article\",\"isPartOf\":{\"@id\":\"https:\/\/www.crr.com.br\/blog\/guia-do-carrinho-de-carga-de-2-rodas-elevando-a-produtividade-e-a-seguranca\/\"},\"author\":{\"name\":\"CRR Rolamentos\",\"@id\":\"https:\/\/www.crr.com.br\/blog\/#\/schema\/person\/67841ef282c08dd45e79f7a14ad5d881\"},\"headline\":\"Carrinho de carga de 2 rodas: produtividade e a seguran\u00e7a\",\"datePublished\":\"2024-04-10T19:37:00+00:00\",\"dateModified\":\"2024-04-11T01:59:04+00:00\",\"mainEntityOfPage\":{\"@id\":\"https:\/\/www.crr.com.br\/blog\/guia-do-carrinho-de-carga-de-2-rodas-elevando-a-produtividade-e-a-seguranca\/\"},\"wordCount\":955,\"commentCount\":0,\"publisher\":{\"@id\":\"https:\/\/www.crr.com.br\/blog\/#organization\"},\"image\":{\"@id\":\"https:\/\/www.crr.com.br\/blog\/guia-do-carrinho-de-carga-de-2-rodas-elevando-a-produtividade-e-a-seguranca\/#primaryimage\"},\"thumbnailUrl\":\"https:\/\/www.crr.com.br\/blog\/wp-content\/uploads\/2024\/04\/carro_armaz_2.jpg\",\"keywords\":[\"Carrinho armaz\u00e9m em sp\",\"Carrinho armaz\u00e9m na zona leste\",\"Carrinho armaz\u00e9m na zona norte\",\"Carrinho armaz\u00e9m no Bel\u00e9m\",\"Carrinho armaz\u00e9m no Belenzinho\",\"Carrinho armaz\u00e9m no Br\u00e1s\",\"Carrinho armaz\u00e9m no Tatuap\u00e9\",\"Carrinho com rod\u00edzios em sp\",\"Carrinho com rod\u00edzios na zona leste\",\"Carrinho com rod\u00edzios na zona norte\",\"Carrinho com rod\u00edzios no Bel\u00e9m\",\"Carrinho com rod\u00edzios no Belenzinho\",\"Carrinho com rod\u00edzios no Br\u00e1s\",\"Carrinho com rod\u00edzios no Tatuap\u00e9\",\"Carrinho de carga com pneus em sp\",\"Carrinho de carga com pneus na zona leste\",\"Carrinho de carga com pneus na zona norte\",\"Carrinho de carga com pneus no Bel\u00e9m\",\"Carrinho de carga com pneus no Belenzinho\",\"Carrinho de carga com pneus no Br\u00e1s\",\"Carrinho de carga com pneus no Tatuap\u00e9\",\"Carrinho de carga compacto em sp\",\"Carrinho de carga compacto na zona leste\",\"Carrinho de carga compacto na zona norte\",\"Carrinho de carga compacto no Bel\u00e9m\",\"Carrinho de carga compacto no Belenzinho\",\"Carrinho de carga compacto no Br\u00e1s\",\"Carrinho de carga compacto no Tatuap\u00e9\",\"Carrinho de carga de 2 rodas em sp\",\"Carrinho de carga de 2 rodas na zona leste\",\"Carrinho de carga de 2 rodas na zona norte\",\"Carrinho de carga de 2 rodas no Bel\u00e9m\",\"Carrinho de carga de 2 rodas no Belenzinho\",\"Carrinho de carga de 2 rodas no Br\u00e1s\",\"Carrinho de carga de 2 rodas no Tatuap\u00e9\",\"Carrinho de carga leve em sp\",\"Carrinho de carga leve na zona leste\",\"Carrinho de carga leve na zona norte\",\"Carrinho de carga leve no Bel\u00e9m\",\"Carrinho de carga leve no Belenzinho\",\"Carrinho de carga leve no Br\u00e1s\",\"Carrinho de carga leve no Tatuap\u00e9\",\"Carrinho de carga pesada em sp\",\"Carrinho de carga pesada na zona leste\",\"Carrinho de carga pesada na zona norte\",\"Carrinho de carga pesada no Bel\u00e9m\",\"Carrinho de carga pesada no Belenzinho\",\"Carrinho de carga pesada no Br\u00e1s\",\"Carrinho de carga pesada no Tatuap\u00e9\",\"Carrinho de carga refor\u00e7ado em sp\",\"Carrinho de carga refor\u00e7ado na zona leste\",\"Carrinho de carga refor\u00e7ado na zona norte\",\"Carrinho de carga refor\u00e7ado no Bel\u00e9m\",\"Carrinho de carga refor\u00e7ado no Belenzinho\",\"Carrinho de carga refor\u00e7ado no Br\u00e1s\",\"Carrinho de carga refor\u00e7ado no Tatuap\u00e9\",\"Carrinho de duas rodas em sp\",\"Carrinho de duas rodas na zona leste\",\"Carrinho de duas rodas na zona norte\",\"Carrinho de duas rodas no Bel\u00e9m\",\"Carrinho de duas rodas no Belenzinho\",\"Carrinho de duas rodas no Br\u00e1s\",\"Carrinho de duas rodas no Tatuap\u00e9\",\"Carrinho de transporte de equipamentos em sp\",\"Carrinho de transporte de equipamentos na zona leste\",\"Carrinho de transporte de equipamentos na zona norte\",\"Carrinho de transporte de equipamentos no Bel\u00e9m\",\"Carrinho de transporte de equipamentos no Belenzinho\",\"Carrinho de transporte de equipamentos no Br\u00e1s\",\"Carrinho de transporte de equipamentos no Tatuap\u00e9\",\"Carrinho de transporte manual em sp\",\"Carrinho de transporte manual na zona leste\",\"Carrinho de transporte manual na zona norte\",\"Carrinho de transporte manual no Bel\u00e9m\",\"Carrinho de transporte manual no Belenzinho\",\"Carrinho de transporte manual no Br\u00e1s\",\"Carrinho de transporte manual no Tatuap\u00e9\",\"Carrinho dobr\u00e1vel em sp\",\"Carrinho dobr\u00e1vel na zona leste\",\"Carrinho dobr\u00e1vel na zona norte\",\"Carrinho dobr\u00e1vel no Bel\u00e9m\",\"Carrinho dobr\u00e1vel no Belenzinho\",\"Carrinho dobr\u00e1vel no Br\u00e1s\",\"Carrinho dobr\u00e1vel no Tatuap\u00e9\",\"Carrinho para armazenagem em sp\",\"Carrinho para armazenagem na zona leste\",\"Carrinho para armazenagem na zona norte\",\"Carrinho para armazenagem no Bel\u00e9m\",\"Carrinho para armazenagem no Belenzinho\",\"Carrinho para armazenagem no Br\u00e1s\",\"Carrinho para armazenagem no Tatuap\u00e9\",\"Carrinho para transporte de mercadorias em sp\",\"Carrinho para transporte de mercadorias na zona leste\",\"Carrinho para transporte de mercadorias na zona norte\",\"Carrinho para transporte de mercadorias no Bel\u00e9m\",\"Carrinho para transporte de mercadorias no Belenzinho\",\"Carrinho para transporte de mercadorias no Br\u00e1s\",\"Carrinho para transporte de mercadorias no Tatuap\u00e9\",\"Carrinho plataforma em sp\",\"Carrinho plataforma na zona leste\",\"Carrinho plataforma na zona norte\",\"Carrinho plataforma no Bel\u00e9m\",\"Carrinho plataforma no Belenzinho\",\"Carrinho plataforma no Br\u00e1s\",\"Carrinho plataforma no Tatuap\u00e9\",\"Carrinho transporte em sp\",\"Carrinho transporte na zona leste\",\"Carrinho transporte na zona norte\",\"Carrinho transporte no Bel\u00e9m\",\"Carrinho transporte no Belenzinho\",\"Carrinho transporte no Br\u00e1s\",\"Carrinho transporte no Tatuap\u00e9\",\"comprar Carrinho armaz\u00e9m\",\"comprar Carrinho com rod\u00edzios\",\"comprar Carrinho de carga com pneus\",\"comprar Carrinho de carga compacto\",\"comprar Carrinho de carga de 2 rodas\",\"comprar Carrinho de carga leve\",\"comprar Carrinho de carga pesada\",\"comprar Carrinho de carga refor\u00e7ado\",\"comprar Carrinho de duas rodas\",\"comprar Carrinho de transporte de equipamentos\",\"comprar Carrinho de transporte manual\",\"comprar Carrinho dobr\u00e1vel\",\"comprar Carrinho para armazenagem\",\"comprar Carrinho para transporte de mercadorias\",\"comprar Carrinho plataforma\",\"comprar Carrinho transporte\",\"comprar Rodas para carrinho\",\"f\u00e1brica de Carrinho armaz\u00e9m\",\"f\u00e1brica de Carrinho com rod\u00edzios\",\"f\u00e1brica de Carrinho de carga com pneus\",\"f\u00e1brica de Carrinho de carga compacto\",\"f\u00e1brica de Carrinho de carga de 2 rodas\",\"f\u00e1brica de Carrinho de carga leve\",\"f\u00e1brica de Carrinho de carga pesada\",\"f\u00e1brica de Carrinho de carga refor\u00e7ado\",\"f\u00e1brica de Carrinho de duas rodas\",\"f\u00e1brica de Carrinho de transporte de equipamentos\",\"f\u00e1brica de Carrinho de transporte manual\",\"f\u00e1brica de Carrinho dobr\u00e1vel\",\"f\u00e1brica de Carrinho para armazenagem\",\"f\u00e1brica de Carrinho para transporte de mercadorias\",\"f\u00e1brica de Carrinho plataforma\",\"f\u00e1brica de Carrinho transporte\",\"f\u00e1brica de Rodas para carrinho\",\"fabricante de Carrinho armaz\u00e9m\",\"fabricante de Carrinho com rod\u00edzios\",\"fabricante de Carrinho de carga com pneus\",\"fabricante de Carrinho de carga compacto\",\"fabricante de Carrinho de carga de 2 rodas\",\"fabricante de Carrinho de carga leve\",\"fabricante de Carrinho de carga pesada\",\"fabricante de Carrinho de carga refor\u00e7ado\",\"fabricante de Carrinho de duas rodas\",\"fabricante de Carrinho de transporte de equipamentos\",\"fabricante de Carrinho de transporte manual\",\"fabricante de Carrinho dobr\u00e1vel\",\"fabricante de Carrinho para armazenagem\",\"fabricante de Carrinho para transporte de mercadorias\",\"fabricante de Carrinho plataforma\",\"fabricante de Carrinho transporte\",\"fabricante de Rodas para carrinho\",\"fornecedor de Carrinho armaz\u00e9m\",\"fornecedor de Carrinho com rod\u00edzios\",\"fornecedor de Carrinho de carga com pneus\",\"fornecedor de Carrinho de carga compacto\",\"fornecedor de Carrinho de carga de 2 rodas\",\"fornecedor de Carrinho de carga leve\",\"fornecedor de Carrinho de carga pesada\",\"fornecedor de Carrinho de carga refor\u00e7ado\",\"fornecedor de Carrinho de duas rodas\",\"fornecedor de Carrinho de transporte de equipamentos\",\"fornecedor de Carrinho de transporte manual\",\"fornecedor de Carrinho dobr\u00e1vel\",\"fornecedor de Carrinho para armazenagem\",\"fornecedor de Carrinho para transporte de mercadorias\",\"fornecedor de Carrinho plataforma\",\"fornecedor de Carrinho transporte\",\"fornecedor de Rodas para carrinho\",\"onde encontrar Carrinho armaz\u00e9m\",\"onde encontrar Carrinho com rod\u00edzios\",\"onde encontrar Carrinho de carga com pneus\",\"onde encontrar Carrinho de carga compacto\",\"onde encontrar Carrinho de carga de 2 rodas\",\"onde encontrar Carrinho de carga leve\",\"onde encontrar Carrinho de carga pesada\",\"onde encontrar Carrinho de carga refor\u00e7ado\",\"onde encontrar Carrinho de duas rodas\",\"onde encontrar Carrinho de transporte de equipamentos\",\"onde encontrar Carrinho de transporte manual\",\"onde encontrar Carrinho dobr\u00e1vel\",\"onde encontrar Carrinho para armazenagem\",\"onde encontrar Carrinho plataforma\",\"onde encontrar Carrinho transporte\",\"onde encontrar Rodas para carrinho\",\"Rodas para carrinho em sp\",\"Rodas para carrinho na zona leste\",\"Rodas para carrinho na zona norte\",\"Rodas para carrinho no Bel\u00e9m\",\"Rodas para carrinho no Belenzinho\",\"Rodas para carrinho no Br\u00e1s\",\"Rodas para carrinho no Tatuap\u00e9\"],\"articleSection\":[\"Carrinhos de carga\"],\"inLanguage\":\"pt-BR\",\"potentialAction\":[{\"@type\":\"CommentAction\",\"name\":\"Comment\",\"target\":[\"https:\/\/www.crr.com.br\/blog\/guia-do-carrinho-de-carga-de-2-rodas-elevando-a-produtividade-e-a-seguranca\/#respond\"]}]},{\"@type\":\"WebPage\",\"@id\":\"https:\/\/www.crr.com.br\/blog\/guia-do-carrinho-de-carga-de-2-rodas-elevando-a-produtividade-e-a-seguranca\/\",\"url\":\"https:\/\/www.crr.com.br\/blog\/guia-do-carrinho-de-carga-de-2-rodas-elevando-a-produtividade-e-a-seguranca\/\",\"name\":\"Carrinho de carga de 2 rodas: produtividade e a seguran\u00e7a - CRR\",\"isPartOf\":{\"@id\":\"https:\/\/www.crr.com.br\/blog\/#website\"},\"primaryImageOfPage\":{\"@id\":\"https:\/\/www.crr.com.br\/blog\/guia-do-carrinho-de-carga-de-2-rodas-elevando-a-produtividade-e-a-seguranca\/#primaryimage\"},\"image\":{\"@id\":\"https:\/\/www.crr.com.br\/blog\/guia-do-carrinho-de-carga-de-2-rodas-elevando-a-produtividade-e-a-seguranca\/#primaryimage\"},\"thumbnailUrl\":\"https:\/\/www.crr.com.br\/blog\/wp-content\/uploads\/2024\/04\/carro_armaz_2.jpg\",\"datePublished\":\"2024-04-10T19:37:00+00:00\",\"dateModified\":\"2024-04-11T01:59:04+00:00\",\"description\":\"Descubra o guia definitivo para otimizar o uso do carrinho de carga de 2 rodas, elevando a efici\u00eancia e seguran\u00e7a no transporte de cargas.\",\"breadcrumb\":{\"@id\":\"https:\/\/www.crr.com.br\/blog\/guia-do-carrinho-de-carga-de-2-rodas-elevando-a-produtividade-e-a-seguranca\/#breadcrumb\"},\"inLanguage\":\"pt-BR\",\"potentialAction\":[{\"@type\":\"ReadAction\",\"target\":[\"https:\/\/www.crr.com.br\/blog\/guia-do-carrinho-de-carga-de-2-rodas-elevando-a-produtividade-e-a-seguranca\/\"]}]},{\"@type\":\"ImageObject\",\"inLanguage\":\"pt-BR\",\"@id\":\"https:\/\/www.crr.com.br\/blog\/guia-do-carrinho-de-carga-de-2-rodas-elevando-a-produtividade-e-a-seguranca\/#primaryimage\",\"url\":\"https:\/\/www.crr.com.br\/blog\/wp-content\/uploads\/2024\/04\/carro_armaz_2.jpg\",\"contentUrl\":\"https:\/\/www.crr.com.br\/blog\/wp-content\/uploads\/2024\/04\/carro_armaz_2.jpg\",\"width\":800,\"height\":800,\"caption\":\"Guia do carrinho de carga de 2 rodas: elevando a produtividade e a seguran\u00e7a\"},{\"@type\":\"BreadcrumbList\",\"@id\":\"https:\/\/www.crr.com.br\/blog\/guia-do-carrinho-de-carga-de-2-rodas-elevando-a-produtividade-e-a-seguranca\/#breadcrumb\",\"itemListElement\":[{\"@type\":\"ListItem\",\"position\":1,\"name\":\"In\u00edcio\",\"item\":\"https:\/\/www.crr.com.br\/blog\/\"},{\"@type\":\"ListItem\",\"position\":2,\"name\":\"Carrinho de carga de 2 rodas: produtividade e a seguran\u00e7a\"}]},{\"@type\":\"WebSite\",\"@id\":\"https:\/\/www.crr.com.br\/blog\/#website\",\"url\":\"https:\/\/www.crr.com.br\/blog\/\",\"name\":\"CRR\",\"description\":\"Blog - CRR\",\"publisher\":{\"@id\":\"https:\/\/www.crr.com.br\/blog\/#organization\"},\"potentialAction\":[{\"@type\":\"SearchAction\",\"target\":{\"@type\":\"EntryPoint\",\"urlTemplate\":\"https:\/\/www.crr.com.br\/blog\/?s={search_term_string}\"},\"query-input\":{\"@type\":\"PropertyValueSpecification\",\"valueRequired\":true,\"valueName\":\"search_term_string\"}}],\"inLanguage\":\"pt-BR\"},{\"@type\":\"Organization\",\"@id\":\"https:\/\/www.crr.com.br\/blog\/#organization\",\"name\":\"CRR Com\u00e9rcio de Rolamentos\",\"url\":\"https:\/\/www.crr.com.br\/blog\/\",\"logo\":{\"@type\":\"ImageObject\",\"inLanguage\":\"pt-BR\",\"@id\":\"https:\/\/www.crr.com.br\/blog\/#\/schema\/logo\/image\/\",\"url\":\"https:\/\/crr.com.br\/wp-content\/uploads\/2019\/08\/logo.png\",\"contentUrl\":\"https:\/\/crr.com.br\/wp-content\/uploads\/2019\/08\/logo.png\",\"width\":140,\"height\":103,\"caption\":\"CRR Com\u00e9rcio de Rolamentos\"},\"image\":{\"@id\":\"https:\/\/www.crr.com.br\/blog\/#\/schema\/logo\/image\/\"}},{\"@type\":\"Person\",\"@id\":\"https:\/\/www.crr.com.br\/blog\/#\/schema\/person\/67841ef282c08dd45e79f7a14ad5d881\",\"name\":\"CRR Rolamentos\",\"image\":{\"@type\":\"ImageObject\",\"inLanguage\":\"pt-BR\",\"@id\":\"https:\/\/www.crr.com.br\/blog\/#\/schema\/person\/image\/\",\"url\":\"https:\/\/secure.gravatar.com\/avatar\/a5dc26d3ff3032c2638fcce5038d0e99ddde84f32070736e12de53454315ccb9?s=96&d=mm&r=g\",\"contentUrl\":\"https:\/\/secure.gravatar.com\/avatar\/a5dc26d3ff3032c2638fcce5038d0e99ddde84f32070736e12de53454315ccb9?s=96&d=mm&r=g\",\"caption\":\"CRR Rolamentos\"},\"url\":\"https:\/\/www.crr.com.br\/blog\/author\/abarutti-2\/\"}]}<\/script>\n<!-- \/ Yoast SEO plugin. -->","yoast_head_json":{"title":"Carrinho de carga de 2 rodas: produtividade e a seguran\u00e7a - CRR","description":"Descubra o guia definitivo para otimizar o uso do carrinho de carga de 2 rodas, elevando a efici\u00eancia e seguran\u00e7a no transporte de cargas.","robots":{"index":"index","follow":"follow","max-snippet":"max-snippet:-1","max-image-preview":"max-image-preview:large","max-video-preview":"max-video-preview:-1"},"canonical":"https:\/\/www.crr.com.br\/blog\/guia-do-carrinho-de-carga-de-2-rodas-elevando-a-produtividade-e-a-seguranca\/","og_locale":"pt_BR","og_type":"article","og_title":"Carrinho de carga de 2 rodas: produtividade e a seguran\u00e7a - CRR","og_description":"Descubra o guia definitivo para otimizar o uso do carrinho de carga de 2 rodas, elevando a efici\u00eancia e seguran\u00e7a no transporte de cargas.","og_url":"https:\/\/www.crr.com.br\/blog\/guia-do-carrinho-de-carga-de-2-rodas-elevando-a-produtividade-e-a-seguranca\/","og_site_name":"CRR","article_published_time":"2024-04-10T19:37:00+00:00","article_modified_time":"2024-04-11T01:59:04+00:00","og_image":[{"width":800,"height":800,"url":"https:\/\/www.crr.com.br\/blog\/wp-content\/uploads\/2024\/04\/carro_armaz_2.jpg","type":"image\/jpeg"}],"author":"CRR Rolamentos","twitter_card":"summary_large_image","twitter_misc":{"Escrito por":"CRR Rolamentos","Est. tempo de leitura":"5 minutos"},"schema":{"@context":"https:\/\/schema.org","@graph":[{"@type":"Article","@id":"https:\/\/www.crr.com.br\/blog\/guia-do-carrinho-de-carga-de-2-rodas-elevando-a-produtividade-e-a-seguranca\/#article","isPartOf":{"@id":"https:\/\/www.crr.com.br\/blog\/guia-do-carrinho-de-carga-de-2-rodas-elevando-a-produtividade-e-a-seguranca\/"},"author":{"name":"CRR Rolamentos","@id":"https:\/\/www.crr.com.br\/blog\/#\/schema\/person\/67841ef282c08dd45e79f7a14ad5d881"},"headline":"Carrinho de carga de 2 rodas: produtividade e a seguran\u00e7a","datePublished":"2024-04-10T19:37:00+00:00","dateModified":"2024-04-11T01:59:04+00:00","mainEntityOfPage":{"@id":"https:\/\/www.crr.com.br\/blog\/guia-do-carrinho-de-carga-de-2-rodas-elevando-a-produtividade-e-a-seguranca\/"},"wordCount":955,"commentCount":0,"publisher":{"@id":"https:\/\/www.crr.com.br\/blog\/#organization"},"image":{"@id":"https:\/\/www.crr.com.br\/blog\/guia-do-carrinho-de-carga-de-2-rodas-elevando-a-produtividade-e-a-seguranca\/#primaryimage"},"thumbnailUrl":"https:\/\/www.crr.com.br\/blog\/wp-content\/uploads\/2024\/04\/carro_armaz_2.jpg","keywords":["Carrinho armaz\u00e9m em sp","Carrinho armaz\u00e9m na zona leste","Carrinho armaz\u00e9m na zona norte","Carrinho armaz\u00e9m no Bel\u00e9m","Carrinho armaz\u00e9m no Belenzinho","Carrinho armaz\u00e9m no Br\u00e1s","Carrinho armaz\u00e9m no Tatuap\u00e9","Carrinho com rod\u00edzios em sp","Carrinho com rod\u00edzios na zona leste","Carrinho com rod\u00edzios na zona norte","Carrinho com rod\u00edzios no Bel\u00e9m","Carrinho com rod\u00edzios no Belenzinho","Carrinho com rod\u00edzios no Br\u00e1s","Carrinho com rod\u00edzios no Tatuap\u00e9","Carrinho de carga com pneus em sp","Carrinho de carga com pneus na zona leste","Carrinho de carga com pneus na zona norte","Carrinho de carga com pneus no Bel\u00e9m","Carrinho de carga com pneus no Belenzinho","Carrinho de carga com pneus no Br\u00e1s","Carrinho de carga com pneus no Tatuap\u00e9","Carrinho de carga compacto em sp","Carrinho de carga compacto na zona leste","Carrinho de carga compacto na zona norte","Carrinho de carga compacto no Bel\u00e9m","Carrinho de carga compacto no Belenzinho","Carrinho de carga compacto no Br\u00e1s","Carrinho de carga compacto no Tatuap\u00e9","Carrinho de carga de 2 rodas em sp","Carrinho de carga de 2 rodas na zona leste","Carrinho de carga de 2 rodas na zona norte","Carrinho de carga de 2 rodas no Bel\u00e9m","Carrinho de carga de 2 rodas no Belenzinho","Carrinho de carga de 2 rodas no Br\u00e1s","Carrinho de carga de 2 rodas no Tatuap\u00e9","Carrinho de carga leve em sp","Carrinho de carga leve na zona leste","Carrinho de carga leve na zona norte","Carrinho de carga leve no Bel\u00e9m","Carrinho de carga leve no Belenzinho","Carrinho de carga leve no Br\u00e1s","Carrinho de carga leve no Tatuap\u00e9","Carrinho de carga pesada em sp","Carrinho de carga pesada na zona leste","Carrinho de carga pesada na zona norte","Carrinho de carga pesada no Bel\u00e9m","Carrinho de carga pesada no Belenzinho","Carrinho de carga pesada no Br\u00e1s","Carrinho de carga pesada no Tatuap\u00e9","Carrinho de carga refor\u00e7ado em sp","Carrinho de carga refor\u00e7ado na zona leste","Carrinho de carga refor\u00e7ado na zona norte","Carrinho de carga refor\u00e7ado no Bel\u00e9m","Carrinho de carga refor\u00e7ado no Belenzinho","Carrinho de carga refor\u00e7ado no Br\u00e1s","Carrinho de carga refor\u00e7ado no Tatuap\u00e9","Carrinho de duas rodas em sp","Carrinho de duas rodas na zona leste","Carrinho de duas rodas na zona norte","Carrinho de duas rodas no Bel\u00e9m","Carrinho de duas rodas no Belenzinho","Carrinho de duas rodas no Br\u00e1s","Carrinho de duas rodas no Tatuap\u00e9","Carrinho de transporte de equipamentos em sp","Carrinho de transporte de equipamentos na zona leste","Carrinho de transporte de equipamentos na zona norte","Carrinho de transporte de equipamentos no Bel\u00e9m","Carrinho de transporte de equipamentos no Belenzinho","Carrinho de transporte de equipamentos no Br\u00e1s","Carrinho de transporte de equipamentos no Tatuap\u00e9","Carrinho de transporte manual em sp","Carrinho de transporte manual na zona leste","Carrinho de transporte manual na zona norte","Carrinho de transporte manual no Bel\u00e9m","Carrinho de transporte manual no Belenzinho","Carrinho de transporte manual no Br\u00e1s","Carrinho de transporte manual no Tatuap\u00e9","Carrinho dobr\u00e1vel em sp","Carrinho dobr\u00e1vel na zona leste","Carrinho dobr\u00e1vel na zona norte","Carrinho dobr\u00e1vel no Bel\u00e9m","Carrinho dobr\u00e1vel no Belenzinho","Carrinho dobr\u00e1vel no Br\u00e1s","Carrinho dobr\u00e1vel no Tatuap\u00e9","Carrinho para armazenagem em sp","Carrinho para armazenagem na zona leste","Carrinho para armazenagem na zona norte","Carrinho para armazenagem no Bel\u00e9m","Carrinho para armazenagem no Belenzinho","Carrinho para armazenagem no Br\u00e1s","Carrinho para armazenagem no Tatuap\u00e9","Carrinho para transporte de mercadorias em sp","Carrinho para transporte de mercadorias na zona leste","Carrinho para transporte de mercadorias na zona norte","Carrinho para transporte de mercadorias no Bel\u00e9m","Carrinho para transporte de mercadorias no Belenzinho","Carrinho para transporte de mercadorias no Br\u00e1s","Carrinho para transporte de mercadorias no Tatuap\u00e9","Carrinho plataforma em sp","Carrinho plataforma na zona leste","Carrinho plataforma na zona norte","Carrinho plataforma no Bel\u00e9m","Carrinho plataforma no Belenzinho","Carrinho plataforma no Br\u00e1s","Carrinho plataforma no Tatuap\u00e9","Carrinho transporte em sp","Carrinho transporte na zona leste","Carrinho transporte na zona norte","Carrinho transporte no Bel\u00e9m","Carrinho transporte no Belenzinho","Carrinho transporte no Br\u00e1s","Carrinho transporte no Tatuap\u00e9","comprar Carrinho armaz\u00e9m","comprar Carrinho com rod\u00edzios","comprar Carrinho de carga com pneus","comprar Carrinho de carga compacto","comprar Carrinho de carga de 2 rodas","comprar Carrinho de carga leve","comprar Carrinho de carga pesada","comprar Carrinho de carga refor\u00e7ado","comprar Carrinho de duas rodas","comprar Carrinho de transporte de equipamentos","comprar Carrinho de transporte manual","comprar Carrinho dobr\u00e1vel","comprar Carrinho para armazenagem","comprar Carrinho para transporte de mercadorias","comprar Carrinho plataforma","comprar Carrinho transporte","comprar Rodas para carrinho","f\u00e1brica de Carrinho armaz\u00e9m","f\u00e1brica de Carrinho com rod\u00edzios","f\u00e1brica de Carrinho de carga com pneus","f\u00e1brica de Carrinho de carga compacto","f\u00e1brica de Carrinho de carga de 2 rodas","f\u00e1brica de Carrinho de carga leve","f\u00e1brica de Carrinho de carga pesada","f\u00e1brica de Carrinho de carga refor\u00e7ado","f\u00e1brica de Carrinho de duas rodas","f\u00e1brica de Carrinho de transporte de equipamentos","f\u00e1brica de Carrinho de transporte manual","f\u00e1brica de Carrinho dobr\u00e1vel","f\u00e1brica de Carrinho para armazenagem","f\u00e1brica de Carrinho para transporte de mercadorias","f\u00e1brica de Carrinho plataforma","f\u00e1brica de Carrinho transporte","f\u00e1brica de Rodas para carrinho","fabricante de Carrinho armaz\u00e9m","fabricante de Carrinho com rod\u00edzios","fabricante de Carrinho de carga com pneus","fabricante de Carrinho de carga compacto","fabricante de Carrinho de carga de 2 rodas","fabricante de Carrinho de carga leve","fabricante de Carrinho de carga pesada","fabricante de Carrinho de carga refor\u00e7ado","fabricante de Carrinho de duas rodas","fabricante de Carrinho de transporte de equipamentos","fabricante de Carrinho de transporte manual","fabricante de Carrinho dobr\u00e1vel","fabricante de Carrinho para armazenagem","fabricante de Carrinho para transporte de mercadorias","fabricante de Carrinho plataforma","fabricante de Carrinho transporte","fabricante de Rodas para carrinho","fornecedor de Carrinho armaz\u00e9m","fornecedor de Carrinho com rod\u00edzios","fornecedor de Carrinho de carga com pneus","fornecedor de Carrinho de carga compacto","fornecedor de Carrinho de carga de 2 rodas","fornecedor de Carrinho de carga leve","fornecedor de Carrinho de carga pesada","fornecedor de Carrinho de carga refor\u00e7ado","fornecedor de Carrinho de duas rodas","fornecedor de Carrinho de transporte de equipamentos","fornecedor de Carrinho de transporte manual","fornecedor de Carrinho dobr\u00e1vel","fornecedor de Carrinho para armazenagem","fornecedor de Carrinho para transporte de mercadorias","fornecedor de Carrinho plataforma","fornecedor de Carrinho transporte","fornecedor de Rodas para carrinho","onde encontrar Carrinho armaz\u00e9m","onde encontrar Carrinho com rod\u00edzios","onde encontrar Carrinho de carga com pneus","onde encontrar Carrinho de carga compacto","onde encontrar Carrinho de carga de 2 rodas","onde encontrar Carrinho de carga leve","onde encontrar Carrinho de carga pesada","onde encontrar Carrinho de carga refor\u00e7ado","onde encontrar Carrinho de duas rodas","onde encontrar Carrinho de transporte de equipamentos","onde encontrar Carrinho de transporte manual","onde encontrar Carrinho dobr\u00e1vel","onde encontrar Carrinho para armazenagem","onde encontrar Carrinho plataforma","onde encontrar Carrinho transporte","onde encontrar Rodas para carrinho","Rodas para carrinho em sp","Rodas para carrinho na zona leste","Rodas para carrinho na zona norte","Rodas para carrinho no Bel\u00e9m","Rodas para carrinho no Belenzinho","Rodas para carrinho no Br\u00e1s","Rodas para carrinho no Tatuap\u00e9"],"articleSection":["Carrinhos de carga"],"inLanguage":"pt-BR","potentialAction":[{"@type":"CommentAction","name":"Comment","target":["https:\/\/www.crr.com.br\/blog\/guia-do-carrinho-de-carga-de-2-rodas-elevando-a-produtividade-e-a-seguranca\/#respond"]}]},{"@type":"WebPage","@id":"https:\/\/www.crr.com.br\/blog\/guia-do-carrinho-de-carga-de-2-rodas-elevando-a-produtividade-e-a-seguranca\/","url":"https:\/\/www.crr.com.br\/blog\/guia-do-carrinho-de-carga-de-2-rodas-elevando-a-produtividade-e-a-seguranca\/","name":"Carrinho de carga de 2 rodas: produtividade e a seguran\u00e7a - CRR","isPartOf":{"@id":"https:\/\/www.crr.com.br\/blog\/#website"},"primaryImageOfPage":{"@id":"https:\/\/www.crr.com.br\/blog\/guia-do-carrinho-de-carga-de-2-rodas-elevando-a-produtividade-e-a-seguranca\/#primaryimage"},"image":{"@id":"https:\/\/www.crr.com.br\/blog\/guia-do-carrinho-de-carga-de-2-rodas-elevando-a-produtividade-e-a-seguranca\/#primaryimage"},"thumbnailUrl":"https:\/\/www.crr.com.br\/blog\/wp-content\/uploads\/2024\/04\/carro_armaz_2.jpg","datePublished":"2024-04-10T19:37:00+00:00","dateModified":"2024-04-11T01:59:04+00:00","description":"Descubra o guia definitivo para otimizar o uso do carrinho de carga de 2 rodas, elevando a efici\u00eancia e seguran\u00e7a no transporte de cargas.","breadcrumb":{"@id":"https:\/\/www.crr.com.br\/blog\/guia-do-carrinho-de-carga-de-2-rodas-elevando-a-produtividade-e-a-seguranca\/#breadcrumb"},"inLanguage":"pt-BR","potentialAction":[{"@type":"ReadAction","target":["https:\/\/www.crr.com.br\/blog\/guia-do-carrinho-de-carga-de-2-rodas-elevando-a-produtividade-e-a-seguranca\/"]}]},{"@type":"ImageObject","inLanguage":"pt-BR","@id":"https:\/\/www.crr.com.br\/blog\/guia-do-carrinho-de-carga-de-2-rodas-elevando-a-produtividade-e-a-seguranca\/#primaryimage","url":"https:\/\/www.crr.com.br\/blog\/wp-content\/uploads\/2024\/04\/carro_armaz_2.jpg","contentUrl":"https:\/\/www.crr.com.br\/blog\/wp-content\/uploads\/2024\/04\/carro_armaz_2.jpg","width":800,"height":800,"caption":"Guia do carrinho de carga de 2 rodas: elevando a produtividade e a seguran\u00e7a"},{"@type":"BreadcrumbList","@id":"https:\/\/www.crr.com.br\/blog\/guia-do-carrinho-de-carga-de-2-rodas-elevando-a-produtividade-e-a-seguranca\/#breadcrumb","itemListElement":[{"@type":"ListItem","position":1,"name":"In\u00edcio","item":"https:\/\/www.crr.com.br\/blog\/"},{"@type":"ListItem","position":2,"name":"Carrinho de carga de 2 rodas: produtividade e a seguran\u00e7a"}]},{"@type":"WebSite","@id":"https:\/\/www.crr.com.br\/blog\/#website","url":"https:\/\/www.crr.com.br\/blog\/","name":"CRR","description":"Blog - CRR","publisher":{"@id":"https:\/\/www.crr.com.br\/blog\/#organization"},"potentialAction":[{"@type":"SearchAction","target":{"@type":"EntryPoint","urlTemplate":"https:\/\/www.crr.com.br\/blog\/?s={search_term_string}"},"query-input":{"@type":"PropertyValueSpecification","valueRequired":true,"valueName":"search_term_string"}}],"inLanguage":"pt-BR"},{"@type":"Organization","@id":"https:\/\/www.crr.com.br\/blog\/#organization","name":"CRR Com\u00e9rcio de Rolamentos","url":"https:\/\/www.crr.com.br\/blog\/","logo":{"@type":"ImageObject","inLanguage":"pt-BR","@id":"https:\/\/www.crr.com.br\/blog\/#\/schema\/logo\/image\/","url":"https:\/\/crr.com.br\/wp-content\/uploads\/2019\/08\/logo.png","contentUrl":"https:\/\/crr.com.br\/wp-content\/uploads\/2019\/08\/logo.png","width":140,"height":103,"caption":"CRR Com\u00e9rcio de Rolamentos"},"image":{"@id":"https:\/\/www.crr.com.br\/blog\/#\/schema\/logo\/image\/"}},{"@type":"Person","@id":"https:\/\/www.crr.com.br\/blog\/#\/schema\/person\/67841ef282c08dd45e79f7a14ad5d881","name":"CRR Rolamentos","image":{"@type":"ImageObject","inLanguage":"pt-BR","@id":"https:\/\/www.crr.com.br\/blog\/#\/schema\/person\/image\/","url":"https:\/\/secure.gravatar.com\/avatar\/a5dc26d3ff3032c2638fcce5038d0e99ddde84f32070736e12de53454315ccb9?s=96&d=mm&r=g","contentUrl":"https:\/\/secure.gravatar.com\/avatar\/a5dc26d3ff3032c2638fcce5038d0e99ddde84f32070736e12de53454315ccb9?s=96&d=mm&r=g","caption":"CRR Rolamentos"},"url":"https:\/\/www.crr.com.br\/blog\/author\/abarutti-2\/"}]}},"_links":{"self":[{"href":"https:\/\/www.crr.com.br\/blog\/wp-json\/wp\/v2\/posts\/12919","targetHints":{"allow":["GET"]}}],"collection":[{"href":"https:\/\/www.crr.com.br\/blog\/wp-json\/wp\/v2\/posts"}],"about":[{"href":"https:\/\/www.crr.com.br\/blog\/wp-json\/wp\/v2\/types\/post"}],"author":[{"embeddable":true,"href":"https:\/\/www.crr.com.br\/blog\/wp-json\/wp\/v2\/users\/1"}],"replies":[{"embeddable":true,"href":"https:\/\/www.crr.com.br\/blog\/wp-json\/wp\/v2\/comments?post=12919"}],"version-history":[{"count":1,"href":"https:\/\/www.crr.com.br\/blog\/wp-json\/wp\/v2\/posts\/12919\/revisions"}],"predecessor-version":[{"id":12922,"href":"https:\/\/www.crr.com.br\/blog\/wp-json\/wp\/v2\/posts\/12919\/revisions\/12922"}],"wp:featuredmedia":[{"embeddable":true,"href":"https:\/\/www.crr.com.br\/blog\/wp-json\/wp\/v2\/media\/12921"}],"wp:attachment":[{"href":"https:\/\/www.crr.com.br\/blog\/wp-json\/wp\/v2\/media?parent=12919"}],"wp:term":[{"taxonomy":"category","embeddable":true,"href":"https:\/\/www.crr.com.br\/blog\/wp-json\/wp\/v2\/categories?post=12919"},{"taxonomy":"post_tag","embeddable":true,"href":"https:\/\/www.crr.com.br\/blog\/wp-json\/wp\/v2\/tags?post=12919"}],"curies":[{"name":"wp","href":"https:\/\/api.w.org\/{rel}","templated":true}]}}